{"id":2020,"date":"2019-03-18T10:00:57","date_gmt":"2019-03-18T10:00:57","guid":{"rendered":"https:\/\/agencelusofrancaiseimmobilier.com\/?p=2020"},"modified":"2020-03-25T09:01:56","modified_gmt":"2020-03-25T09:01:56","slug":"nouvelle-reglementation-sur-les-locations-au-portugal","status":"publish","type":"post","link":"https:\/\/agencelusofrancaiseimmobilier.com\/fr_fr\/nouvelle-reglementation-sur-les-locations-au-portugal\/","title":{"rendered":"NOUVELLE R\u00c9GLEMENTATION SUR LES LOCATIONS"},"content":{"rendered":"\n<h2 class=\"has-text-align-center wp-block-heading\">LOCATIONS AU PORTUGAL NOUVELLE REGLEMENTATION<\/h2>\n\n\n\n<p><strong>Les r\u00e8gles changes, le gouvernement portugais vient d&rsquo;apporter des modifications concernant la loi sur les locations dite de longue dur\u00e9e.<\/strong> <br><\/p>\n\n\n\n<p>Les portugais rencontre de plus en plus des difficult\u00e9s pour se loger dans Porto mais aussi dans les grandes villes du Portugal. A cette effet, le Parlement vient d\u2019approuver une mesure pr\u00e9voyant que les contrats de location de type longue dur\u00e9e devaient offrir une dur\u00e9e minimale de 1 an.  Cette modification s&rsquo;applique \u00e9galement au contrat d&rsquo;une dur\u00e9e plus court. <\/p>\n\n\n\n<p>Cette nouvelle r\u00e8gle \u00e0 pour bute d&rsquo;apporter une plus grande stabilit\u00e9 sur le march\u00e9 de la location immobilier au portugal. En \u00e9vitant une \u00e9volution incontr\u00f4l\u00e9e des loyers. La loi pr\u00e9voit \u00e9galement que pendant les trois premi\u00e8res ann\u00e9es du contrat. Le propri\u00e9taire ne peut s\u2019opposer au renouvellement s\u2019il n\u2019a pas besoin du logement pour lui-m\u00eame ou ses enfants. <\/p>\n\n\n\n<p>Dans le cas de contrats \u00e0 des fins non r\u00e9sidentielles, il n\u2019y a pas de dur\u00e9e minimale obligatoire. Leur dur\u00e9e est suppos\u00e9e de 5 ans. Le contrat est alors automatiquement renouvel\u00e9 pour la m\u00eame p\u00e9riode. P\u00e9riode pendant laquelle le propri\u00e9taire ne peut pas s\u2019opposer au renouvellement.<\/p>\n\n\n\n<div class=\"wp-block-button aligncenter\"><a class=\"wp-block-button__link has-background\" href=\"https:\/\/agencelusofrancaiseimmobilier.com\/maison-et-appartement-a-vendre-a-porto\/\" style=\"background-color:#b555a8\">D\u00e9couvrez nos biens immobiliers \u00e0 la vente<\/a><\/div>\n","protected":false},"excerpt":{"rendered":"<p>Les r\u00e8gles changes, le gouvernement portugais vient d&rsquo;apporter des modifications concernant la loi sur les locations dite de longue dur\u00e9e. <\/p>\n","protected":false},"author":4,"featured_media":2026,"comment_status":"closed","ping_status":"open","sticky":false,"template":"","format":"standard","meta":{"footnotes":""},"categories":[985],"tags":[1023,1019,1012,1016],"class_list":["post-2020","post","type-post","status-publish","format-standard","has-post-thumbnail","hentry","category-immobilier","tag-agence-immobiliere","tag-immobilier","tag-location","tag-portugal"],"jetpack_featured_media_url":"https:\/\/agencelusofrancaiseimmobilier.com\/wp-content\/uploads\/2019\/03\/arrendase.jpg","_links":{"self":[{"href":"https:\/\/agencelusofrancaiseimmobilier.com\/fr_fr\/wp-json\/wp\/v2\/posts\/2020","targetHints":{"allow":["GET"]}}],"collection":[{"href":"https:\/\/agencelusofrancaiseimmobilier.com\/fr_fr\/wp-json\/wp\/v2\/posts"}],"about":[{"href":"https:\/\/agencelusofrancaiseimmobilier.com\/fr_fr\/wp-json\/wp\/v2\/types\/post"}],"author":[{"embeddable":true,"href":"https:\/\/agencelusofrancaiseimmobilier.com\/fr_fr\/wp-json\/wp\/v2\/users\/4"}],"replies":[{"embeddable":true,"href":"https:\/\/agencelusofrancaiseimmobilier.com\/fr_fr\/wp-json\/wp\/v2\/comments?post=2020"}],"version-history":[{"count":0,"href":"https:\/\/agencelusofrancaiseimmobilier.com\/fr_fr\/wp-json\/wp\/v2\/posts\/2020\/revisions"}],"wp:featuredmedia":[{"embeddable":true,"href":"https:\/\/agencelusofrancaiseimmobilier.com\/fr_fr\/wp-json\/wp\/v2\/media\/2026"}],"wp:attachment":[{"href":"https:\/\/agencelusofrancaiseimmobilier.com\/fr_fr\/wp-json\/wp\/v2\/media?parent=2020"}],"wp:term":[{"taxonomy":"category","embeddable":true,"href":"https:\/\/agencelusofrancaiseimmobilier.com\/fr_fr\/wp-json\/wp\/v2\/categories?post=2020"},{"taxonomy":"post_tag","embeddable":true,"href":"https:\/\/agencelusofrancaiseimmobilier.com\/fr_fr\/wp-json\/wp\/v2\/tags?post=2020"}],"curies":[{"name":"wp","href":"https:\/\/api.w.org\/{rel}","templated":true}]}}