{"id":2066,"date":"2019-03-19T14:06:10","date_gmt":"2019-03-19T14:06:10","guid":{"rendered":"https:\/\/agencelusofrancaiseimmobilier.com\/?p=2066"},"modified":"2019-05-20T15:57:20","modified_gmt":"2019-05-20T14:57:20","slug":"assurance-habitation-en-tant-que-locataire-au-portugal","status":"publish","type":"post","link":"https:\/\/agencelusofrancaiseimmobilier.com\/fr_fr\/assurance-habitation-en-tant-que-locataire-au-portugal\/","title":{"rendered":"ASSURER VOTRE LOCATION AU PORTUGAL"},"content":{"rendered":"\n<p><strong>Vous venez de prendre possession de votre nouvelle appartement ou maison en location au Portugal.  Vous devriez envisager de souscrire une police d&rsquo;assurance habitation pour votre capital mobilier.<\/strong><\/p>\n\n\n\n<p>Comme le souligne Deco Alerta l<strong>&lsquo;association portugaise de consommateurs (<em>Associa\u00e7\u00e3o Portuguesa para a Defesa do Consumidor&nbsp;<\/em>ou DECO)<\/strong>.&nbsp;En cas de sinistre, vous pouvez percevoir une indemnisation correspondant au&nbsp;montant n\u00e9cessaire pour remplacer les meubles. Les appareils \u00e9lectrom\u00e9nagers et le reste des \u00e9quipements de la maison. Ce qui fait de l&rsquo;assurance habitation&nbsp;incluant la couverture de vos biens une option int\u00e9ressante.<\/p>\n\n\n\n<h2 class=\"wp-block-heading\">Que faut-il assurer dans votre location<\/h2>\n\n\n\n<p>Afin de d\u00e9terminer la valeur du mobilier de votre logement,&nbsp;<strong>dressez une liste de tous les articles que vous poss\u00e9dez et notez le montant que vous auriez \u00e0 payer<\/strong>.&nbsp;Si vous deviez les acheter lors de la signature ou du renouvellement de votre police. Calculez 10% de ce montant et ajoutez-le au total, afin de pr\u00e9voir d&rsquo;\u00e9ventuelles augmentations de prix en cas de sinistre.<\/p>\n\n\n\n<p>En cas de r\u00e9clamation de votre part, certaines polices peuvent r\u00e9duire le montant de l&rsquo;indemnit\u00e9 en fonction de l&rsquo;\u00e2ge des biens. Afin de tenir compte de la d\u00e9pr\u00e9ciation due \u00e0 l\u2019usage. Certains assureurs ne versent aucune indemnit\u00e9 pour les dommages caus\u00e9s aux machines ou \u00e9quipements achet\u00e9s il y a plus de huit ans (t\u00e9l\u00e9viseurs et lecteurs vid\u00e9o, par exemple) ou plus de cinq ans dans le cas du mat\u00e9riel informatique.<\/p>\n\n\n\n<p>La valeur des biens n&rsquo;est pas constante dans le temps. Pour cette raison, le capital assur\u00e9 est automatiquement mis \u00e0 jour chaque ann\u00e9e. Sur la base des indices publi\u00e9s trimestriellement par&nbsp;<strong>l&rsquo;autorit\u00e9 portugaise de surveillance des assurances et fonds de pensions (<em>Autoridade de Supervis\u00e3o de Seguros e Fundos de Pens\u00f5es<\/em>&nbsp;ou ASF)<\/strong>.&nbsp;<\/p>\n\n\n\n<p>Pour ce qui est du capital assurance pour le mobilier et les \u00e9quipements de la maison.  Au fil des ans, les gens ach\u00e8tent habituellement de nouveaux meubles, ustensiles, objets d\u00e9coratifs, \u00e9lectrom\u00e9nager, etc. <\/p>\n","protected":false},"excerpt":{"rendered":"<p>Vous venez de prendre possession de votre nouvelle appartement ou maison en location au Portugal.  Vous devriez envisager de souscrire une police d&rsquo;assurance habitation<\/p>\n","protected":false},"author":4,"featured_media":487,"comment_status":"closed","ping_status":"open","sticky":false,"template":"","format":"standard","meta":{"footnotes":""},"categories":[985],"tags":[1023,1133,1012],"class_list":["post-2066","post","type-post","status-publish","format-standard","has-post-thumbnail","hentry","category-immobilier","tag-agence-immobiliere","tag-assurance","tag-location"],"jetpack_featured_media_url":"https:\/\/agencelusofrancaiseimmobilier.com\/wp-content\/uploads\/2016\/11\/financer-votre-acquisition-a-100-.jpg","_links":{"self":[{"href":"https:\/\/agencelusofrancaiseimmobilier.com\/fr_fr\/wp-json\/wp\/v2\/posts\/2066","targetHints":{"allow":["GET"]}}],"collection":[{"href":"https:\/\/agencelusofrancaiseimmobilier.com\/fr_fr\/wp-json\/wp\/v2\/posts"}],"about":[{"href":"https:\/\/agencelusofrancaiseimmobilier.com\/fr_fr\/wp-json\/wp\/v2\/types\/post"}],"author":[{"embeddable":true,"href":"https:\/\/agencelusofrancaiseimmobilier.com\/fr_fr\/wp-json\/wp\/v2\/users\/4"}],"replies":[{"embeddable":true,"href":"https:\/\/agencelusofrancaiseimmobilier.com\/fr_fr\/wp-json\/wp\/v2\/comments?post=2066"}],"version-history":[{"count":0,"href":"https:\/\/agencelusofrancaiseimmobilier.com\/fr_fr\/wp-json\/wp\/v2\/posts\/2066\/revisions"}],"wp:featuredmedia":[{"embeddable":true,"href":"https:\/\/agencelusofrancaiseimmobilier.com\/fr_fr\/wp-json\/wp\/v2\/media\/487"}],"wp:attachment":[{"href":"https:\/\/agencelusofrancaiseimmobilier.com\/fr_fr\/wp-json\/wp\/v2\/media?parent=2066"}],"wp:term":[{"taxonomy":"category","embeddable":true,"href":"https:\/\/agencelusofrancaiseimmobilier.com\/fr_fr\/wp-json\/wp\/v2\/categories?post=2066"},{"taxonomy":"post_tag","embeddable":true,"href":"https:\/\/agencelusofrancaiseimmobilier.com\/fr_fr\/wp-json\/wp\/v2\/tags?post=2066"}],"curies":[{"name":"wp","href":"https:\/\/api.w.org\/{rel}","templated":true}]}}