{"id":2075,"date":"2019-03-25T10:00:51","date_gmt":"2019-03-25T10:00:51","guid":{"rendered":"https:\/\/agencelusofrancaiseimmobilier.com\/?p=2075"},"modified":"2019-05-20T15:54:53","modified_gmt":"2019-05-20T14:54:53","slug":"lenvolee-des-prix-a-lisbonne","status":"publish","type":"post","link":"https:\/\/agencelusofrancaiseimmobilier.com\/fr_fr\/lenvolee-des-prix-a-lisbonne\/","title":{"rendered":"L&rsquo;ENVOL\u00c9E DES PRIX \u00c0 LISBONNE"},"content":{"rendered":"\n<h2 class=\"wp-block-heading\">Lisbonne, l\u2019envol\u00e9e des prix pousse les Fran\u00e7ais vers de nouveaux quartiers<\/h2>\n\n\n\n<p>Lisbonne, est devenue l\u2019une des destinations pr\u00e9f\u00e9r\u00e9es des investisseurs fran\u00e7ais. En cinq ans, les prix, dans le centre de la capitale portugaise, ont \u00e9t\u00e9 multipli\u00e9s par quatre. Selon l\u2019association des agents immobiliers du&nbsp;Portugal, passant de 1500 \u00e0 6000 euros le m\u00b2 en moyenne. \u00abCes derni\u00e8res ann\u00e9es, le centre historique de Lisbonne, a \u00e9t\u00e9 r\u00e9nov\u00e9 avec des&nbsp;logements&nbsp;neufs pour accueillir les touristes\u00bb. Le march\u00e9 immobilier est tr\u00e8s h\u00e9t\u00e9roclite pour une ville qui est aussi peupl\u00e9e que Lyon (plus de 510.000 habitants): les prix s\u2019\u00e9talent entre 3500 et 10.000 euros le m\u00b2.\u00bb<\/p>\n\n\n\n<p>La cons\u00e9quence de cette envol\u00e9e <a href=\"https:\/\/agencelusofrancaiseimmobilier.com\/le-tourisme-en-plein-boom-au-nord-du-portugal\/\">des prix de l\u2019immobilier<\/a>, certains Fran\u00e7ais ont pr\u00e9f\u00e9r\u00e9 s\u2019installer en p\u00e9riph\u00e9rie de la ville plut\u00f4t que dans son centre historique. Ainsi, les retrait\u00e9s et autres investisseurs fran\u00e7ais ont opt\u00e9 pour la p\u00e9riph\u00e9rie de Lisbonne et pour des r\u00e9gions plus rurales. Connues pour leur tranquillit\u00e9. Quant aux jeunes couples fran\u00e7ais avec enfants, contraints de rester dans le centre de la ville pour rester proches des \u00e9coles, ils se laissent de plus en plus s\u00e9duire par la location. <\/p>\n\n\n\n<h2 class=\"wp-block-heading\">Les fran\u00e7ais sont les premier acqu\u00e9reurs<\/h2>\n\n\n\n<p>Aujourd\u2019hui, les Fran\u00e7ais sont les premiers acqu\u00e9reurs \u00e9trangers au Portugal (30% des acquisitions \u00e9trang\u00e8res). En r\u00e9alit\u00e9, les Fran\u00e7ais ne repr\u00e9sentent que 8% \u00e0 9% des transactions immobili\u00e8res dans le pays. Des Portugais ont certainement souffert de la gentrification de certains quartiers notamment dans le centre de Lisbonne mais on est encore loin des mouvements de contestation \u00e0 Barcelone. Les Portugais sont pragmatiques. Ils savent ce qu\u2019ils doivent au tourisme qui a, entre autres, permis de redresser le pays\u00bb.<\/p>\n","protected":false},"excerpt":{"rendered":"<p>Lisbonne, l\u2019envol\u00e9e des prix pousse les Fran\u00e7ais vers de nouveaux quartiers Lisbonne, est devenue l\u2019une des destinations pr\u00e9f\u00e9r\u00e9es des investisseurs fran\u00e7ais. En cinq ans, les prix, dans le centre de la capitale portugaise, ont \u00e9t\u00e9 multipli\u00e9s par quatre. Selon l\u2019association des agents immobiliers du&nbsp;Portugal, passant de 1500 \u00e0 6000 euros le m\u00b2 en moyenne. \u00abCes&#8230;<\/p>\n","protected":false},"author":4,"featured_media":2060,"comment_status":"closed","ping_status":"open","sticky":false,"template":"","format":"standard","meta":{"footnotes":""},"categories":[985],"tags":[1023,1019],"class_list":["post-2075","post","type-post","status-publish","format-standard","has-post-thumbnail","hentry","category-immobilier","tag-agence-immobiliere","tag-immobilier"],"jetpack_featured_media_url":"https:\/\/agencelusofrancaiseimmobilier.com\/wp-content\/uploads\/2019\/03\/LOCATION-AU-PORTUGAL-1.jpg","_links":{"self":[{"href":"https:\/\/agencelusofrancaiseimmobilier.com\/fr_fr\/wp-json\/wp\/v2\/posts\/2075","targetHints":{"allow":["GET"]}}],"collection":[{"href":"https:\/\/agencelusofrancaiseimmobilier.com\/fr_fr\/wp-json\/wp\/v2\/posts"}],"about":[{"href":"https:\/\/agencelusofrancaiseimmobilier.com\/fr_fr\/wp-json\/wp\/v2\/types\/post"}],"author":[{"embeddable":true,"href":"https:\/\/agencelusofrancaiseimmobilier.com\/fr_fr\/wp-json\/wp\/v2\/users\/4"}],"replies":[{"embeddable":true,"href":"https:\/\/agencelusofrancaiseimmobilier.com\/fr_fr\/wp-json\/wp\/v2\/comments?post=2075"}],"version-history":[{"count":0,"href":"https:\/\/agencelusofrancaiseimmobilier.com\/fr_fr\/wp-json\/wp\/v2\/posts\/2075\/revisions"}],"wp:featuredmedia":[{"embeddable":true,"href":"https:\/\/agencelusofrancaiseimmobilier.com\/fr_fr\/wp-json\/wp\/v2\/media\/2060"}],"wp:attachment":[{"href":"https:\/\/agencelusofrancaiseimmobilier.com\/fr_fr\/wp-json\/wp\/v2\/media?parent=2075"}],"wp:term":[{"taxonomy":"category","embeddable":true,"href":"https:\/\/agencelusofrancaiseimmobilier.com\/fr_fr\/wp-json\/wp\/v2\/categories?post=2075"},{"taxonomy":"post_tag","embeddable":true,"href":"https:\/\/agencelusofrancaiseimmobilier.com\/fr_fr\/wp-json\/wp\/v2\/tags?post=2075"}],"curies":[{"name":"wp","href":"https:\/\/api.w.org\/{rel}","templated":true}]}}