{"id":2208,"date":"2019-05-07T10:26:09","date_gmt":"2019-05-07T09:26:09","guid":{"rendered":"https:\/\/agencelusofrancaiseimmobilier.com\/?p=2208"},"modified":"2019-05-20T16:00:53","modified_gmt":"2019-05-20T15:00:53","slug":"prix-de-limmobilier-au-portugal","status":"publish","type":"post","link":"https:\/\/agencelusofrancaiseimmobilier.com\/fr_fr\/prix-de-limmobilier-au-portugal\/","title":{"rendered":"LE PRIX DE IMMOBILI\u00c8RE BAISSE EN 2019"},"content":{"rendered":"\n<h2 class=\"wp-block-heading\">LE PRIX DE L&rsquo;IMMOBILIER AU PORTUGAL EN BAISSE <\/h2>\n\n\n\n<p>Les prix de l&rsquo;immobilier au Portugal et en particulier dans les logements d&rsquo;occasion, sont en train de s\u2019ajuster \u00e0 la baisse. 70% des propri\u00e9taires qui ont baiss\u00e9 le prix de vente de leurs logements ont trouv\u00e9 preneur, a d\u00e9clar\u00e9 Pedro Lencastre, directeur g\u00e9n\u00e9ral du cabinet de conseil immobilier JLL.<\/p>\n\n\n\n<p><strong><a href=\"https:\/\/www.asmip.pt\/pt\/noticias\/detalhe\/precos-das-casas-estao-a-descer-sobretudo-em-segunda-mao_1276\/?fbclid=IwAR0_1cVEV59mhE8hOCrBr8CDoupwsxZzFEGqh8cN1WXCSjRTKBPqufNePCA\" target=\"_blank\" rel=\"noreferrer noopener\" aria-label=\"Pedro Lencastre (s\u2019ouvre dans un nouvel onglet)\">Pedro Lencastre<\/a> <\/strong>a d\u00e9clar\u00e9 qu&rsquo;au cours des derniers mois, 70% des maisons qui ont appliqu\u00e9 une baisse de leur prix de vente, en particulier dans le cas des logements de \u00ab\u00a0seconde main\u00a0\u00bb ont r\u00e9ussit \u00e0 vendre leur bien immobilier plus rapidement que les logement en construction ou neuf. <\/p>\n\n\n\n<p>L&rsquo;ann\u00e9e derni\u00e8re, le <a href=\"https:\/\/agencelusofrancaiseimmobilier.com\/vivre-a-porto\/\" target=\"_blank\" rel=\"noreferrer noopener\" aria-label=\"march\u00e9 immobilier (s\u2019ouvre dans un nouvel onglet)\">march\u00e9 <\/a><strong><a href=\"https:\/\/agencelusofrancaiseimmobilier.com\/vivre-a-porto\/\" target=\"_blank\" rel=\"noreferrer noopener\" aria-label=\"march\u00e9 immobilier (s\u2019ouvre dans un nouvel onglet)\">immobilier<\/a> commercial<\/strong> a atteint \u00ab\u00a0un record absolu\u00a0\u00bb, avec des transactions de plus de trois milliards d&rsquo;euros. Cette ann\u00e9e, il pourrait atteindre deux milliards, une r\u00e9duction qui, selon Pedro Lencastre, est li\u00e9e \u00e0 \u00ab\u00a0deux ou trois tr\u00e8s grandes op\u00e9rations de centres commerciaux \u00ab\u00a0.<\/p>\n","protected":false},"excerpt":{"rendered":"<p>Les prix de l&rsquo;immobilier au Portugal et en particulier dans les logements d&rsquo;occasion, sont en train de s\u2019ajuster \u00e0 la baisse.<\/p>\n","protected":false},"author":4,"featured_media":535,"comment_status":"closed","ping_status":"open","sticky":false,"template":"","format":"standard","meta":{"footnotes":""},"categories":[985],"tags":[1019],"class_list":["post-2208","post","type-post","status-publish","format-standard","has-post-thumbnail","hentry","category-immobilier","tag-immobilier"],"jetpack_featured_media_url":"https:\/\/agencelusofrancaiseimmobilier.com\/wp-content\/uploads\/2017\/02\/3.-Porto-c-Matthieu-Cadiou-European-Best-Destinations.jpg","_links":{"self":[{"href":"https:\/\/agencelusofrancaiseimmobilier.com\/fr_fr\/wp-json\/wp\/v2\/posts\/2208","targetHints":{"allow":["GET"]}}],"collection":[{"href":"https:\/\/agencelusofrancaiseimmobilier.com\/fr_fr\/wp-json\/wp\/v2\/posts"}],"about":[{"href":"https:\/\/agencelusofrancaiseimmobilier.com\/fr_fr\/wp-json\/wp\/v2\/types\/post"}],"author":[{"embeddable":true,"href":"https:\/\/agencelusofrancaiseimmobilier.com\/fr_fr\/wp-json\/wp\/v2\/users\/4"}],"replies":[{"embeddable":true,"href":"https:\/\/agencelusofrancaiseimmobilier.com\/fr_fr\/wp-json\/wp\/v2\/comments?post=2208"}],"version-history":[{"count":0,"href":"https:\/\/agencelusofrancaiseimmobilier.com\/fr_fr\/wp-json\/wp\/v2\/posts\/2208\/revisions"}],"wp:featuredmedia":[{"embeddable":true,"href":"https:\/\/agencelusofrancaiseimmobilier.com\/fr_fr\/wp-json\/wp\/v2\/media\/535"}],"wp:attachment":[{"href":"https:\/\/agencelusofrancaiseimmobilier.com\/fr_fr\/wp-json\/wp\/v2\/media?parent=2208"}],"wp:term":[{"taxonomy":"category","embeddable":true,"href":"https:\/\/agencelusofrancaiseimmobilier.com\/fr_fr\/wp-json\/wp\/v2\/categories?post=2208"},{"taxonomy":"post_tag","embeddable":true,"href":"https:\/\/agencelusofrancaiseimmobilier.com\/fr_fr\/wp-json\/wp\/v2\/tags?post=2208"}],"curies":[{"name":"wp","href":"https:\/\/api.w.org\/{rel}","templated":true}]}}