{"id":2045,"date":"2019-03-18T16:19:44","date_gmt":"2019-03-18T16:19:44","guid":{"rendered":"https:\/\/agencelusofrancaiseimmobilier.com\/?p=2045"},"modified":"2019-05-16T12:09:56","modified_gmt":"2019-05-16T11:09:56","slug":"regressar-programme-portugal","status":"publish","type":"post","link":"https:\/\/agencelusofrancaiseimmobilier.com\/pt\/programme-regressar-portugal\/","title":{"rendered":"REGRESSAR PROGRAMA"},"content":{"rendered":"<div class=\"wp-block-cover has-background-dim is-layout-flow wp-block-cover-is-layout-flow\" style=\"background-image:url(https:\/\/agencelusofrancaiseimmobilier.com\/wp-content\/uploads\/2017\/02\/Terrace-3rd-floor-e1487670012218.jpg)\"><\/div>\n\n\n\n<h2 class=\"wp-block-heading\">O PROGRAMA \"EX-RESIDENTES<\/h2>\n\n\n\n<p>O novo programa <strong>Regressar<\/strong> visa incentivar o regresso das pessoas que sa\u00edram de Portugal em dezembro de 2015 e se tornaram residentes em 2019 ou 2020, concedendo tamb\u00e9m isen\u00e7\u00f5es fiscais significativas.<\/p>\n\n\n\n<p style=\"text-align:left\">A Lei do Or\u00e7amento do Estado para 2019 introduziu uma redu\u00e7\u00e3o de 50% no IHT sobre os rendimentos auferidos por pessoas que se tornem residentes em 2019 e tamb\u00e9m em 2020. <\/p>\n\n\n\n<p>Este benef\u00edcio fiscal est\u00e1 sujeito a um certo n\u00famero de condi\u00e7\u00f5es:  <\/p>\n\n\n\n<ul class=\"wp-block-list\"><li>N\u00e3o ter sido residente em Portugal durante 3 anos <\/li><li>Ser residente em Portugal antes de 31 de dezembro de 2015<\/li><li>A sua situa\u00e7\u00e3o fiscal deve ser regularizada<br><\/li><\/ul>\n\n\n\n<p>A dieta <strong>Regressar<\/strong> \u00e9 tamb\u00e9m muito atrativo para os cidad\u00e3os portugueses que n\u00e3o re\u00fanem as condi\u00e7\u00f5es para beneficiar do RNH. Nomeadamente para os cidad\u00e3os portugueses  Que tenham vivido fora de Portugal por per\u00edodos inferiores a 5 anos (por exemplo, em regime de destacamento).<\/p>","protected":false},"excerpt":{"rendered":"<p>O novo programa Regressar tem como objetivo incentivar o regresso de pessoas que abandonaram Portugal <\/p>","protected":false},"author":4,"featured_media":2048,"comment_status":"closed","ping_status":"open","sticky":false,"template":"","format":"standard","meta":{"footnotes":""},"categories":[985],"tags":[1023,1019,1016],"class_list":["post-2045","post","type-post","status-publish","format-standard","has-post-thumbnail","hentry","category-immobilier","tag-agence-immobiliere","tag-immobilier","tag-portugal"],"jetpack_featured_media_url":"https:\/\/agencelusofrancaiseimmobilier.com\/wp-content\/uploads\/2019\/03\/regressar.png","_links":{"self":[{"href":"https:\/\/agencelusofrancaiseimmobilier.com\/pt\/wp-json\/wp\/v2\/posts\/2045","targetHints":{"allow":["GET"]}}],"collection":[{"href":"https:\/\/agencelusofrancaiseimmobilier.com\/pt\/wp-json\/wp\/v2\/posts"}],"about":[{"href":"https:\/\/agencelusofrancaiseimmobilier.com\/pt\/wp-json\/wp\/v2\/types\/post"}],"author":[{"embeddable":true,"href":"https:\/\/agencelusofrancaiseimmobilier.com\/pt\/wp-json\/wp\/v2\/users\/4"}],"replies":[{"embeddable":true,"href":"https:\/\/agencelusofrancaiseimmobilier.com\/pt\/wp-json\/wp\/v2\/comments?post=2045"}],"version-history":[{"count":0,"href":"https:\/\/agencelusofrancaiseimmobilier.com\/pt\/wp-json\/wp\/v2\/posts\/2045\/revisions"}],"wp:featuredmedia":[{"embeddable":true,"href":"https:\/\/agencelusofrancaiseimmobilier.com\/pt\/wp-json\/wp\/v2\/media\/2048"}],"wp:attachment":[{"href":"https:\/\/agencelusofrancaiseimmobilier.com\/pt\/wp-json\/wp\/v2\/media?parent=2045"}],"wp:term":[{"taxonomy":"category","embeddable":true,"href":"https:\/\/agencelusofrancaiseimmobilier.com\/pt\/wp-json\/wp\/v2\/categories?post=2045"},{"taxonomy":"post_tag","embeddable":true,"href":"https:\/\/agencelusofrancaiseimmobilier.com\/pt\/wp-json\/wp\/v2\/tags?post=2045"}],"curies":[{"name":"wp","href":"https:\/\/api.w.org\/{rel}","templated":true}]}}