{"id":2233,"date":"2019-05-16T11:30:50","date_gmt":"2019-05-16T10:30:50","guid":{"rendered":"https:\/\/agencelusofrancaiseimmobilier.com\/?p=2233"},"modified":"2019-05-20T15:53:14","modified_gmt":"2019-05-20T14:53:14","slug":"projeto-cidade-da-agua","status":"publish","type":"post","link":"https:\/\/agencelusofrancaiseimmobilier.com\/pt\/projet-cidade-da-agua\/","title":{"rendered":"O projeto Cidade da \u00c1gua"},"content":{"rendered":"<h2 class=\"wp-block-heading\">O PROJECTO CIDADE DA \u00c1GUA<\/h2>\n\n\n\n<p>Na ter\u00e7a-feira, foi apresentado em Almada um novo projeto imobili\u00e1rio em Lisboa, considerado o maior projeto de renova\u00e7\u00e3o urbana do pa\u00eds desde a Expo 98.<\/p>\n\n\n\n<p>Em terras da Lisnave, o projeto da \"\u00a0<a href=\"https:\/\/www.asmip.pt\/pt\/noticias\/detalhe\/cidade-da-agua-conheca-o-maior-cidade-da-agua-conheca-o-maior-projeto-imobiliar_1283\/?fbclid=IwAR2aoR_NO3i1xXggB0gPxuCVS9sBEk_UhpTte4HD5LrC5cvF8PMWipTUKY4\" target=\"_blank\" rel=\"noreferrer noopener\" aria-label=\"Cidade da \u00c1gua (abre num novo separador)\">Cidade da \u00c1gua<\/a>\" O projeto prev\u00ea a constru\u00e7\u00e3o de habita\u00e7\u00f5es, lojas, servi\u00e7os e espa\u00e7os culturais, bem como uma marina, um terminal fluvial, um novo hotel, um museu e um centro de confer\u00eancias.<\/p>\n\n\n\n<p>A \u00e1rea de constru\u00e7\u00e3o estimada do projeto \u00e9 de <strong>630,246<\/strong> metros quadrados.<\/p>\n\n\n\n<p>De acordo com S\u00e9rgio Saraiva, administrador da Ba\u00eda do Tejo, o promotor ter\u00e1 de cumprir um conjunto de obriga\u00e7\u00f5es, nomeadamente o custo de constru\u00e7\u00e3o de infra-estruturas, a constru\u00e7\u00e3o da marina e a constru\u00e7\u00e3o do terminal fluvial.<\/p>\n\n\n\n<p>A Ba\u00eda do Tejo assumir\u00e1 igualmente os custos de desmantelamento das estruturas existentes, bem como a responsabilidade ambiental.<\/p>\n\n\n\n<p>A apresenta\u00e7\u00e3o de ter\u00e7a-feira contou com a presen\u00e7a de cerca de uma centena de pessoas, entre grupos empresariais portugueses e estrangeiros, com o objetivo de atrair potenciais novos investidores para o desenvolvimento do projeto.<\/p>","protected":false},"excerpt":{"rendered":"<p>Nos terrenos da Lisnave ser\u00e1 desenvolvido o projeto \"Cidade da \u00c1gua\", que prev\u00ea a constru\u00e7\u00e3o de habita\u00e7\u00f5es, com\u00e9rcio, servi\u00e7os e espa\u00e7os culturais, <\/p>","protected":false},"author":4,"featured_media":2235,"comment_status":"closed","ping_status":"open","sticky":false,"template":"","format":"standard","meta":{"footnotes":""},"categories":[985],"tags":[],"class_list":["post-2233","post","type-post","status-publish","format-standard","has-post-thumbnail","hentry","category-immobilier"],"jetpack_featured_media_url":"https:\/\/agencelusofrancaiseimmobilier.com\/wp-content\/uploads\/2019\/05\/cidade-da-agua.jpg","_links":{"self":[{"href":"https:\/\/agencelusofrancaiseimmobilier.com\/pt\/wp-json\/wp\/v2\/posts\/2233","targetHints":{"allow":["GET"]}}],"collection":[{"href":"https:\/\/agencelusofrancaiseimmobilier.com\/pt\/wp-json\/wp\/v2\/posts"}],"about":[{"href":"https:\/\/agencelusofrancaiseimmobilier.com\/pt\/wp-json\/wp\/v2\/types\/post"}],"author":[{"embeddable":true,"href":"https:\/\/agencelusofrancaiseimmobilier.com\/pt\/wp-json\/wp\/v2\/users\/4"}],"replies":[{"embeddable":true,"href":"https:\/\/agencelusofrancaiseimmobilier.com\/pt\/wp-json\/wp\/v2\/comments?post=2233"}],"version-history":[{"count":0,"href":"https:\/\/agencelusofrancaiseimmobilier.com\/pt\/wp-json\/wp\/v2\/posts\/2233\/revisions"}],"wp:featuredmedia":[{"embeddable":true,"href":"https:\/\/agencelusofrancaiseimmobilier.com\/pt\/wp-json\/wp\/v2\/media\/2235"}],"wp:attachment":[{"href":"https:\/\/agencelusofrancaiseimmobilier.com\/pt\/wp-json\/wp\/v2\/media?parent=2233"}],"wp:term":[{"taxonomy":"category","embeddable":true,"href":"https:\/\/agencelusofrancaiseimmobilier.com\/pt\/wp-json\/wp\/v2\/categories?post=2233"},{"taxonomy":"post_tag","embeddable":true,"href":"https:\/\/agencelusofrancaiseimmobilier.com\/pt\/wp-json\/wp\/v2\/tags?post=2233"}],"curies":[{"name":"wp","href":"https:\/\/api.w.org\/{rel}","templated":true}]}}